{"id":6038,"date":"2025-02-12T09:32:16","date_gmt":"2025-02-12T07:32:16","guid":{"rendered":"https:\/\/jonnejaminne.fi\/?p=6038"},"modified":"2025-02-19T11:41:35","modified_gmt":"2025-02-19T09:41:35","slug":"transport-during-the-school-winter-holidays","status":"publish","type":"post","link":"https:\/\/jonnejaminne.fi\/en\/transport-during-the-school-winter-holidays\/","title":{"rendered":"Public transport during the school winter holidays"},"content":{"rendered":"\n<p>During the school winter holiday week (24\u201328 February 2025), services marked as &#8220;Koulup\u00e4ivin\u00e4&#8221;, &#8220;koulp.&#8221; or &#8220;kp*&#8221; will not operate. All other services will run as usual. Additionally, services designated for school holidays will be in operation.<\/p>\n\n\n\n<p>The<a href=\"https:\/\/kotka.digitransit.fi\/?locale=en\" target=\"_blank\" rel=\"noreferrer noopener\"> Journey Planner<\/a> provides information on the available services.<\/p>\n\n\n\n<p>Specified Effects of the Winter Holiday Week by Municipality:<\/p>\n\n\n\n<h4 class=\"wp-block-heading\"><strong>Kotka<\/strong><\/h4>\n\n\n\n<p><strong>Not running:<\/strong><\/p>\n\n\n\n<ul class=\"wp-block-list\">\n<li>Lines 1M, 1K, 15, and 99<\/li>\n\n\n\n<li>Line 2K from Kaukola at 7:23<\/li>\n\n\n\n<li>Line 8 (Bus Station\u2013Koivula) at 6:25, 7:25, and 8:25<\/li>\n\n\n\n<li>Line 8 (Koivula\u2013Bus Station) at 6:53, 7:53, and 8:53<\/li>\n\n\n\n<li>Line 13 at 7:20, 7:52, and 8:25<\/li>\n<\/ul>\n\n\n\n<p><strong>On the Kotka\u2013Pyht\u00e4\u00e4 route:<\/strong><\/p>\n\n\n\n<ul class=\"wp-block-list\">\n<li>Line 93 at 6:15 from Pyht\u00e4\u00e4 Kirkonkyl\u00e4 to Kotka<\/li>\n\n\n\n<li>Line 89 at 8:15 from Huutj\u00e4rvi to Kotka<\/li>\n\n\n\n<li>Line 89 at 15:30 from Kotka to Huutj\u00e4rvi<\/li>\n\n\n\n<li>Line 93 at 17:00 from Kotka to Huutj\u00e4rvi\/Kirkonkyl\u00e4<\/li>\n<\/ul>\n\n\n\n<h4 class=\"wp-block-heading\"><strong>Hamina<\/strong><\/h4>\n\n\n\n<p>In Hamina, bus lines P070\u2013P083 operate according to the school holiday timetable. Lines P074B and P075B are also operated.<\/p>\n\n\n\n<p><strong>Not running:<\/strong><\/p>\n\n\n\n<ul class=\"wp-block-list\">\n<li>Lines 1M, P070, P070B (Thursdays), 71, P071B (Wednesdays), 74, 74M, P074, 75, 77, 79, 80, 80H, P082, and 99<\/li>\n\n\n\n<li>Line 1 (Kotka\u2013Hamina) at 6:55<\/li>\n<\/ul>\n\n\n\n<p>Line 1 (Kotka\u2013Hamina) at 7:25 does not go to Alakaupunki but ends at Hamina bus station.<\/p>\n\n\n\n<h4 class=\"wp-block-heading\"><strong>Pyht\u00e4\u00e4 (Kotka\u2013Pyht\u00e4\u00e4 Service)<\/strong><\/h4>\n\n\n\n<p>The following services will operate as usual:<\/p>\n\n\n\n<ul class=\"wp-block-list\">\n<li>Line 93 at 6:15 from Pyht\u00e4\u00e4 Kirkonkyl\u00e4 to Kotka<\/li>\n\n\n\n<li>Line 89 at 8:15 from Huutj\u00e4rvi to Kotka<\/li>\n\n\n\n<li>Line 89 at 15:30 from Kotka to Huutj\u00e4rvi<\/li>\n\n\n\n<li>Line 93 at 17:00 from Kotka to Huutj\u00e4rvi\/Kirkonkyl\u00e4<\/li>\n<\/ul>\n","protected":false},"excerpt":{"rendered":"<p>During the school winter holiday week (24\u201328 February 2025), services marked as &#8220;Koulup\u00e4ivin\u00e4&#8221;, &#8220;koulp.&#8221; or &#8220;kp*&#8221; will not operate. All other services will run as usual. Additionally, services designated for school holidays will be in operation. The Journey Planner provides information on the available services.<\/p>\n","protected":false},"author":3,"featured_media":6007,"comment_status":"closed","ping_status":"closed","sticky":false,"template":"","format":"standard","meta":{"_acf_changed":false,"inline_featured_image":false,"footnotes":""},"categories":[15],"tags":[],"class_list":["post-6038","post","type-post","status-publish","format-standard","has-post-thumbnail","hentry","category-news"],"acf":[],"yoast_head":"<!-- This site is optimized with the Yoast SEO plugin v27.2 - https:\/\/yoast.com\/product\/yoast-seo-wordpress\/ -->\n<title>Public transport during the school winter holidays - Jonne ja Minne<\/title>\n<meta name=\"robots\" content=\"index, follow, max-snippet:-1, max-image-preview:large, max-video-preview:-1\" \/>\n<link rel=\"canonical\" href=\"https:\/\/jonnejaminne.fi\/en\/transport-during-the-school-winter-holidays\/\" \/>\n<meta property=\"og:locale\" content=\"en_US\" \/>\n<meta property=\"og:type\" content=\"article\" \/>\n<meta property=\"og:title\" content=\"Public transport during the school winter holidays - Jonne ja Minne\" \/>\n<meta property=\"og:description\" content=\"During the school winter holiday week (24\u201328 February 2025), services marked as &#8220;Koulup\u00e4ivin\u00e4&#8221;, &#8220;koulp.&#8221; or &#8220;kp*&#8221; will not operate. All other services will run as usual. Additionally, services designated for school holidays will be in operation. The Journey Planner provides information on the available services.\" \/>\n<meta property=\"og:url\" content=\"https:\/\/jonnejaminne.fi\/en\/transport-during-the-school-winter-holidays\/\" \/>\n<meta property=\"og:site_name\" content=\"Jonne ja Minne\" \/>\n<meta property=\"article:published_time\" content=\"2025-02-12T07:32:16+00:00\" \/>\n<meta property=\"article:modified_time\" content=\"2025-02-19T09:41:35+00:00\" \/>\n<meta property=\"og:image\" content=\"https:\/\/jonnejaminne.fi\/wp-content\/uploads\/2025\/02\/talviloma_uutiskuva-1.jpg\" \/>\n\t<meta property=\"og:image:width\" content=\"1920\" \/>\n\t<meta property=\"og:image:height\" content=\"920\" \/>\n\t<meta property=\"og:image:type\" content=\"image\/jpeg\" \/>\n<meta name=\"author\" content=\"Paula Mussalo\" \/>\n<meta name=\"twitter:card\" content=\"summary_large_image\" \/>\n<script type=\"application\/ld+json\" class=\"yoast-schema-graph\">{\"@context\":\"https:\/\/schema.org\",\"@graph\":[{\"@type\":\"Article\",\"@id\":\"https:\/\/jonnejaminne.fi\/en\/transport-during-the-school-winter-holidays\/#article\",\"isPartOf\":{\"@id\":\"https:\/\/jonnejaminne.fi\/en\/transport-during-the-school-winter-holidays\/\"},\"author\":{\"name\":\"Paula Mussalo\",\"@id\":\"https:\/\/jonnejaminne.fi\/en\/#\/schema\/person\/6294622ca6c5e02eb83d8000609353f2\"},\"headline\":\"Public transport during the school winter holidays\",\"datePublished\":\"2025-02-12T07:32:16+00:00\",\"dateModified\":\"2025-02-19T09:41:35+00:00\",\"mainEntityOfPage\":{\"@id\":\"https:\/\/jonnejaminne.fi\/en\/transport-during-the-school-winter-holidays\/\"},\"wordCount\":219,\"publisher\":{\"@id\":\"https:\/\/jonnejaminne.fi\/en\/#organization\"},\"image\":{\"@id\":\"https:\/\/jonnejaminne.fi\/en\/transport-during-the-school-winter-holidays\/#primaryimage\"},\"thumbnailUrl\":\"https:\/\/jonnejaminne.fi\/wp-content\/uploads\/2025\/02\/talviloma_uutiskuva-1.jpg\",\"articleSection\":[\"News\"],\"inLanguage\":\"en-US\"},{\"@type\":\"WebPage\",\"@id\":\"https:\/\/jonnejaminne.fi\/en\/transport-during-the-school-winter-holidays\/\",\"url\":\"https:\/\/jonnejaminne.fi\/en\/transport-during-the-school-winter-holidays\/\",\"name\":\"Public transport during the school winter holidays - Jonne ja Minne\",\"isPartOf\":{\"@id\":\"https:\/\/jonnejaminne.fi\/en\/#website\"},\"primaryImageOfPage\":{\"@id\":\"https:\/\/jonnejaminne.fi\/en\/transport-during-the-school-winter-holidays\/#primaryimage\"},\"image\":{\"@id\":\"https:\/\/jonnejaminne.fi\/en\/transport-during-the-school-winter-holidays\/#primaryimage\"},\"thumbnailUrl\":\"https:\/\/jonnejaminne.fi\/wp-content\/uploads\/2025\/02\/talviloma_uutiskuva-1.jpg\",\"datePublished\":\"2025-02-12T07:32:16+00:00\",\"dateModified\":\"2025-02-19T09:41:35+00:00\",\"breadcrumb\":{\"@id\":\"https:\/\/jonnejaminne.fi\/en\/transport-during-the-school-winter-holidays\/#breadcrumb\"},\"inLanguage\":\"en-US\",\"potentialAction\":[{\"@type\":\"ReadAction\",\"target\":[\"https:\/\/jonnejaminne.fi\/en\/transport-during-the-school-winter-holidays\/\"]}]},{\"@type\":\"ImageObject\",\"inLanguage\":\"en-US\",\"@id\":\"https:\/\/jonnejaminne.fi\/en\/transport-during-the-school-winter-holidays\/#primaryimage\",\"url\":\"https:\/\/jonnejaminne.fi\/wp-content\/uploads\/2025\/02\/talviloma_uutiskuva-1.jpg\",\"contentUrl\":\"https:\/\/jonnejaminne.fi\/wp-content\/uploads\/2025\/02\/talviloma_uutiskuva-1.jpg\",\"width\":1920,\"height\":920,\"caption\":\"Talvinen kuva linja-autosta.\"},{\"@type\":\"BreadcrumbList\",\"@id\":\"https:\/\/jonnejaminne.fi\/en\/transport-during-the-school-winter-holidays\/#breadcrumb\",\"itemListElement\":[{\"@type\":\"ListItem\",\"position\":1,\"name\":\"Home\",\"item\":\"https:\/\/jonnejaminne.fi\/en\/\"},{\"@type\":\"ListItem\",\"position\":2,\"name\":\"Public transport during the school winter holidays\"}]},{\"@type\":\"WebSite\",\"@id\":\"https:\/\/jonnejaminne.fi\/en\/#website\",\"url\":\"https:\/\/jonnejaminne.fi\/en\/\",\"name\":\"Jonne ja Minne\",\"description\":\"\",\"publisher\":{\"@id\":\"https:\/\/jonnejaminne.fi\/en\/#organization\"},\"potentialAction\":[{\"@type\":\"SearchAction\",\"target\":{\"@type\":\"EntryPoint\",\"urlTemplate\":\"https:\/\/jonnejaminne.fi\/en\/?s={search_term_string}\"},\"query-input\":{\"@type\":\"PropertyValueSpecification\",\"valueRequired\":true,\"valueName\":\"search_term_string\"}}],\"inLanguage\":\"en-US\"},{\"@type\":\"Organization\",\"@id\":\"https:\/\/jonnejaminne.fi\/en\/#organization\",\"name\":\"Jonne ja Minne\",\"url\":\"https:\/\/jonnejaminne.fi\/en\/\",\"logo\":{\"@type\":\"ImageObject\",\"inLanguage\":\"en-US\",\"@id\":\"https:\/\/jonnejaminne.fi\/en\/#\/schema\/logo\/image\/\",\"url\":\"https:\/\/jonnejaminne.fi\/wp-content\/uploads\/2024\/04\/KSL_JM_bussit-logo_vaaka_rgb-1-1.png\",\"contentUrl\":\"https:\/\/jonnejaminne.fi\/wp-content\/uploads\/2024\/04\/KSL_JM_bussit-logo_vaaka_rgb-1-1.png\",\"width\":1136,\"height\":424,\"caption\":\"Jonne ja Minne\"},\"image\":{\"@id\":\"https:\/\/jonnejaminne.fi\/en\/#\/schema\/logo\/image\/\"}},{\"@type\":\"Person\",\"@id\":\"https:\/\/jonnejaminne.fi\/en\/#\/schema\/person\/6294622ca6c5e02eb83d8000609353f2\",\"name\":\"Paula Mussalo\",\"url\":\"https:\/\/jonnejaminne.fi\/en\/author\/paula-mussalokotka-fi\/\"}]}<\/script>\n<!-- \/ Yoast SEO plugin. -->","yoast_head_json":{"title":"Public transport during the school winter holidays - Jonne ja Minne","robots":{"index":"index","follow":"follow","max-snippet":"max-snippet:-1","max-image-preview":"max-image-preview:large","max-video-preview":"max-video-preview:-1"},"canonical":"https:\/\/jonnejaminne.fi\/en\/transport-during-the-school-winter-holidays\/","og_locale":"en_US","og_type":"article","og_title":"Public transport during the school winter holidays - Jonne ja Minne","og_description":"During the school winter holiday week (24\u201328 February 2025), services marked as &#8220;Koulup\u00e4ivin\u00e4&#8221;, &#8220;koulp.&#8221; or &#8220;kp*&#8221; will not operate. All other services will run as usual. Additionally, services designated for school holidays will be in operation. The Journey Planner provides information on the available services.","og_url":"https:\/\/jonnejaminne.fi\/en\/transport-during-the-school-winter-holidays\/","og_site_name":"Jonne ja Minne","article_published_time":"2025-02-12T07:32:16+00:00","article_modified_time":"2025-02-19T09:41:35+00:00","og_image":[{"width":1920,"height":920,"url":"https:\/\/jonnejaminne.fi\/wp-content\/uploads\/2025\/02\/talviloma_uutiskuva-1.jpg","type":"image\/jpeg"}],"author":"Paula Mussalo","twitter_card":"summary_large_image","schema":{"@context":"https:\/\/schema.org","@graph":[{"@type":"Article","@id":"https:\/\/jonnejaminne.fi\/en\/transport-during-the-school-winter-holidays\/#article","isPartOf":{"@id":"https:\/\/jonnejaminne.fi\/en\/transport-during-the-school-winter-holidays\/"},"author":{"name":"Paula Mussalo","@id":"https:\/\/jonnejaminne.fi\/en\/#\/schema\/person\/6294622ca6c5e02eb83d8000609353f2"},"headline":"Public transport during the school winter holidays","datePublished":"2025-02-12T07:32:16+00:00","dateModified":"2025-02-19T09:41:35+00:00","mainEntityOfPage":{"@id":"https:\/\/jonnejaminne.fi\/en\/transport-during-the-school-winter-holidays\/"},"wordCount":219,"publisher":{"@id":"https:\/\/jonnejaminne.fi\/en\/#organization"},"image":{"@id":"https:\/\/jonnejaminne.fi\/en\/transport-during-the-school-winter-holidays\/#primaryimage"},"thumbnailUrl":"https:\/\/jonnejaminne.fi\/wp-content\/uploads\/2025\/02\/talviloma_uutiskuva-1.jpg","articleSection":["News"],"inLanguage":"en-US"},{"@type":"WebPage","@id":"https:\/\/jonnejaminne.fi\/en\/transport-during-the-school-winter-holidays\/","url":"https:\/\/jonnejaminne.fi\/en\/transport-during-the-school-winter-holidays\/","name":"Public transport during the school winter holidays - Jonne ja Minne","isPartOf":{"@id":"https:\/\/jonnejaminne.fi\/en\/#website"},"primaryImageOfPage":{"@id":"https:\/\/jonnejaminne.fi\/en\/transport-during-the-school-winter-holidays\/#primaryimage"},"image":{"@id":"https:\/\/jonnejaminne.fi\/en\/transport-during-the-school-winter-holidays\/#primaryimage"},"thumbnailUrl":"https:\/\/jonnejaminne.fi\/wp-content\/uploads\/2025\/02\/talviloma_uutiskuva-1.jpg","datePublished":"2025-02-12T07:32:16+00:00","dateModified":"2025-02-19T09:41:35+00:00","breadcrumb":{"@id":"https:\/\/jonnejaminne.fi\/en\/transport-during-the-school-winter-holidays\/#breadcrumb"},"inLanguage":"en-US","potentialAction":[{"@type":"ReadAction","target":["https:\/\/jonnejaminne.fi\/en\/transport-during-the-school-winter-holidays\/"]}]},{"@type":"ImageObject","inLanguage":"en-US","@id":"https:\/\/jonnejaminne.fi\/en\/transport-during-the-school-winter-holidays\/#primaryimage","url":"https:\/\/jonnejaminne.fi\/wp-content\/uploads\/2025\/02\/talviloma_uutiskuva-1.jpg","contentUrl":"https:\/\/jonnejaminne.fi\/wp-content\/uploads\/2025\/02\/talviloma_uutiskuva-1.jpg","width":1920,"height":920,"caption":"Talvinen kuva linja-autosta."},{"@type":"BreadcrumbList","@id":"https:\/\/jonnejaminne.fi\/en\/transport-during-the-school-winter-holidays\/#breadcrumb","itemListElement":[{"@type":"ListItem","position":1,"name":"Home","item":"https:\/\/jonnejaminne.fi\/en\/"},{"@type":"ListItem","position":2,"name":"Public transport during the school winter holidays"}]},{"@type":"WebSite","@id":"https:\/\/jonnejaminne.fi\/en\/#website","url":"https:\/\/jonnejaminne.fi\/en\/","name":"Jonne ja Minne","description":"","publisher":{"@id":"https:\/\/jonnejaminne.fi\/en\/#organization"},"potentialAction":[{"@type":"SearchAction","target":{"@type":"EntryPoint","urlTemplate":"https:\/\/jonnejaminne.fi\/en\/?s={search_term_string}"},"query-input":{"@type":"PropertyValueSpecification","valueRequired":true,"valueName":"search_term_string"}}],"inLanguage":"en-US"},{"@type":"Organization","@id":"https:\/\/jonnejaminne.fi\/en\/#organization","name":"Jonne ja Minne","url":"https:\/\/jonnejaminne.fi\/en\/","logo":{"@type":"ImageObject","inLanguage":"en-US","@id":"https:\/\/jonnejaminne.fi\/en\/#\/schema\/logo\/image\/","url":"https:\/\/jonnejaminne.fi\/wp-content\/uploads\/2024\/04\/KSL_JM_bussit-logo_vaaka_rgb-1-1.png","contentUrl":"https:\/\/jonnejaminne.fi\/wp-content\/uploads\/2024\/04\/KSL_JM_bussit-logo_vaaka_rgb-1-1.png","width":1136,"height":424,"caption":"Jonne ja Minne"},"image":{"@id":"https:\/\/jonnejaminne.fi\/en\/#\/schema\/logo\/image\/"}},{"@type":"Person","@id":"https:\/\/jonnejaminne.fi\/en\/#\/schema\/person\/6294622ca6c5e02eb83d8000609353f2","name":"Paula Mussalo","url":"https:\/\/jonnejaminne.fi\/en\/author\/paula-mussalokotka-fi\/"}]}},"_links":{"self":[{"href":"https:\/\/jonnejaminne.fi\/en\/wp-json\/wp\/v2\/posts\/6038","targetHints":{"allow":["GET"]}}],"collection":[{"href":"https:\/\/jonnejaminne.fi\/en\/wp-json\/wp\/v2\/posts"}],"about":[{"href":"https:\/\/jonnejaminne.fi\/en\/wp-json\/wp\/v2\/types\/post"}],"author":[{"embeddable":true,"href":"https:\/\/jonnejaminne.fi\/en\/wp-json\/wp\/v2\/users\/3"}],"replies":[{"embeddable":true,"href":"https:\/\/jonnejaminne.fi\/en\/wp-json\/wp\/v2\/comments?post=6038"}],"version-history":[{"count":3,"href":"https:\/\/jonnejaminne.fi\/en\/wp-json\/wp\/v2\/posts\/6038\/revisions"}],"predecessor-version":[{"id":6055,"href":"https:\/\/jonnejaminne.fi\/en\/wp-json\/wp\/v2\/posts\/6038\/revisions\/6055"}],"wp:featuredmedia":[{"embeddable":true,"href":"https:\/\/jonnejaminne.fi\/en\/wp-json\/wp\/v2\/media\/6007"}],"wp:attachment":[{"href":"https:\/\/jonnejaminne.fi\/en\/wp-json\/wp\/v2\/media?parent=6038"}],"wp:term":[{"taxonomy":"category","embeddable":true,"href":"https:\/\/jonnejaminne.fi\/en\/wp-json\/wp\/v2\/categories?post=6038"},{"taxonomy":"post_tag","embeddable":true,"href":"https:\/\/jonnejaminne.fi\/en\/wp-json\/wp\/v2\/tags?post=6038"}],"curies":[{"name":"wp","href":"https:\/\/api.w.org\/{rel}","templated":true}]}}