{"id":6456,"date":"2025-04-16T13:14:34","date_gmt":"2025-04-16T10:14:34","guid":{"rendered":"https:\/\/jonnejaminne.fi\/?p=6456"},"modified":"2025-04-18T07:10:28","modified_gmt":"2025-04-18T04:10:28","slug":"city-bike-season-kicks-off","status":"publish","type":"post","link":"https:\/\/jonnejaminne.fi\/en\/city-bike-season-kicks-off\/","title":{"rendered":"City bike season kicks off!"},"content":{"rendered":"\n<p>Iloiset oranssit kaupunkipy\u00f6r\u00e4t l\u00f6ytyv\u00e4t taas py\u00f6r\u00e4asemilta!<\/p>\n\n<p>Voit vuokrata py\u00f6r\u00e4n kertahinnalla alkaen 1 \u20ac \/ 15 min, kausipassilla vain 35 \u20ac \/ 6 kk tai kuukausij\u00e4senyydell\u00e4.\u00a0Vuokraus maksetaan erikseen Donkey Republic -sovelluksella.<\/p>\n\n<p><strong><em>Erikoistarjouksena 2.\u201311.5.2025 py\u00f6r\u00e4ilyviikon kunniaksi kaikki alle 1 h kaupunkipy\u00f6r\u00e4vuokraukset maksutta!<br \/><\/em><\/strong>Valtakunnallinen py\u00f6r\u00e4ilyviikko j\u00e4rjestet\u00e4\u00e4n 2.\u201311.5.2025\u00a0 <a href=\"https:\/\/pyorailyvuosi.fi\/pyorailyviikko\/\" target=\"_blank\" rel=\"noreferrer noopener\">https:\/\/pyorailyvuosi.fi\/pyorailyviikko\/<\/a><\/p>\n\n<p>Kaupunkipy\u00f6r\u00e4n voi napata yli 50 asemalta Kotkan ja Pyht\u00e4\u00e4n alueella. \u00a0Palautus onnistuu mihin tahansa kaupunkipy\u00f6r\u00e4asemalle Kotkan ja Pyht\u00e4\u00e4n alueella. Eli voit tehd\u00e4 pidemm\u00e4nkin py\u00f6r\u00e4retken ja palauttaa py\u00f6r\u00e4n eri kaupungin alueelle kuin mist\u00e4 l\u00e4hdit liikkeelle, jolloin Kotkasta vuokratun py\u00f6r\u00e4n voi palauttaa halutessaan my\u00f6s esim. Pyht\u00e4\u00e4ll\u00e4 sijaitsevalle asemalle ja p\u00e4invastoin.<\/p>\n\n<p>Kaupunkipy\u00f6r\u00e4asemat ovat n\u00e4kyviss\u00e4 my\u00f6s Kotkan seudun reittioppaassa 18.4. l\u00e4htien: <a href=\"https:\/\/kotka.digitransit.fi\/\" target=\"_blank\" rel=\"noreferrer noopener\">Kotkan seudun reittiopas (digitransit.fi)<\/a> Reittioppaasta n\u00e4et kaupunkipy\u00f6r\u00e4asemilla olevien py\u00f6rien m\u00e4\u00e4r\u00e4n.\u00a0<\/p>\n\n<p>Kaupunkipy\u00f6r\u00e4t ovat k\u00e4yt\u00f6ss\u00e4 v\u00e4hint\u00e4\u00e4n lokakuun loppuun asti.<\/p>\n\n<p>Lis\u00e4tietoja hinnoista, k\u00e4yt\u00f6n ohjeistus sek\u00e4 asiakaspalvelun yhteystiedot l\u00f6yd\u00e4t kaakau.fi-sivustolta.<br \/><a href=\"https:\/\/kaakau.fi\/kotka\/\" target=\"_blank\" rel=\"noreferrer noopener\">Kotka \u2013 Kaupunkipy\u00f6r\u00e4t | Kaakau<\/a><br \/><a href=\"https:\/\/kaakau.fi\/pyhtaa\" target=\"_blank\" rel=\"noreferrer noopener\">Pyht\u00e4\u00e4 \u2013 Kaupunkipy\u00f6r\u00e4t | Kaakau<\/a><\/p>\n\n<p>Pikaohje k\u00e4ytt\u00f6\u00f6n:<\/p>\n\n<ol class=\"wp-block-list\">\n<li>Lataa Donkey Republic -sovellus<\/li>\n\n\n\n<li>Paikallista ja valitse vapaa py\u00f6r\u00e4 (sovellus opastaa)<\/li>\n\n\n\n<li>Vie vuokraustapahtuma loppuun (sovellus opastaa)<\/li>\n\n\n\n<li>Nauti py\u00f6r\u00e4ilyst\u00e4<\/li>\n\n\n\n<li>Palauta py\u00f6r\u00e4 mille tahansa py\u00f6r\u00e4asemalle, miss\u00e4 on tilaa (sovellus opastaa)<\/li>\n<\/ol>\n\n<p><\/p>\n","protected":false},"excerpt":{"rendered":"<p>Iloiset oranssit kaupunkipy\u00f6r\u00e4t l\u00f6ytyv\u00e4t taas py\u00f6r\u00e4asemilta! Voit vuokrata py\u00f6r\u00e4n kertahinnalla alkaen 1 \u20ac \/ 15 min, kausipassilla vain 35 \u20ac \/ 6 kk tai kuukausij\u00e4senyydell\u00e4.\u00a0Vuokraus maksetaan erikseen Donkey Republic -sovelluksella. Erikoistarjouksena 2.\u201311.5.2025 py\u00f6r\u00e4ilyviikon kunniaksi kaikki alle 1 h kaupunkipy\u00f6r\u00e4vuokraukset maksutta!Valtakunnallinen py\u00f6r\u00e4ilyviikko j\u00e4rjestet\u00e4\u00e4n 2.\u201311.5.2025\u00a0 https:\/\/pyorailyvuosi.fi\/pyorailyviikko\/ Kaupunkipy\u00f6r\u00e4n<\/p>\n","protected":false},"author":3,"featured_media":5205,"comment_status":"closed","ping_status":"closed","sticky":false,"template":"","format":"standard","meta":{"_acf_changed":false,"inline_featured_image":false,"footnotes":""},"categories":[15],"tags":[],"class_list":["post-6456","post","type-post","status-publish","format-standard","has-post-thumbnail","hentry","category-news"],"acf":[],"yoast_head":"<!-- This site is optimized with the Yoast SEO plugin v27.2 - https:\/\/yoast.com\/product\/yoast-seo-wordpress\/ -->\n<title>City bike season kicks off! - Jonne ja Minne<\/title>\n<meta name=\"robots\" content=\"index, follow, max-snippet:-1, max-image-preview:large, max-video-preview:-1\" \/>\n<link rel=\"canonical\" href=\"https:\/\/jonnejaminne.fi\/en\/city-bike-season-kicks-off\/\" \/>\n<meta property=\"og:locale\" content=\"en_US\" \/>\n<meta property=\"og:type\" content=\"article\" \/>\n<meta property=\"og:title\" content=\"City bike season kicks off! - Jonne ja Minne\" \/>\n<meta property=\"og:description\" content=\"Iloiset oranssit kaupunkipy\u00f6r\u00e4t l\u00f6ytyv\u00e4t taas py\u00f6r\u00e4asemilta! Voit vuokrata py\u00f6r\u00e4n kertahinnalla alkaen 1 \u20ac \/ 15 min, kausipassilla vain 35 \u20ac \/ 6 kk tai kuukausij\u00e4senyydell\u00e4.\u00a0Vuokraus maksetaan erikseen Donkey Republic -sovelluksella. Erikoistarjouksena 2.\u201311.5.2025 py\u00f6r\u00e4ilyviikon kunniaksi kaikki alle 1 h kaupunkipy\u00f6r\u00e4vuokraukset maksutta!Valtakunnallinen py\u00f6r\u00e4ilyviikko j\u00e4rjestet\u00e4\u00e4n 2.\u201311.5.2025\u00a0 https:\/\/pyorailyvuosi.fi\/pyorailyviikko\/ Kaupunkipy\u00f6r\u00e4n\" \/>\n<meta property=\"og:url\" content=\"https:\/\/jonnejaminne.fi\/en\/city-bike-season-kicks-off\/\" \/>\n<meta property=\"og:site_name\" content=\"Jonne ja Minne\" \/>\n<meta property=\"article:published_time\" content=\"2025-04-16T10:14:34+00:00\" \/>\n<meta property=\"article:modified_time\" content=\"2025-04-18T04:10:28+00:00\" \/>\n<meta property=\"og:image\" content=\"https:\/\/jonnejaminne.fi\/wp-content\/uploads\/2025\/01\/Kaupunkipyorat-4-768x768.png\" \/>\n\t<meta property=\"og:image:width\" content=\"768\" \/>\n\t<meta property=\"og:image:height\" content=\"768\" \/>\n\t<meta property=\"og:image:type\" content=\"image\/png\" \/>\n<meta name=\"author\" content=\"Paula Mussalo\" \/>\n<meta name=\"twitter:card\" content=\"summary_large_image\" \/>\n<script type=\"application\/ld+json\" class=\"yoast-schema-graph\">{\"@context\":\"https:\/\/schema.org\",\"@graph\":[{\"@type\":\"Article\",\"@id\":\"https:\/\/jonnejaminne.fi\/en\/city-bike-season-kicks-off\/#article\",\"isPartOf\":{\"@id\":\"https:\/\/jonnejaminne.fi\/en\/city-bike-season-kicks-off\/\"},\"author\":{\"name\":\"Paula Mussalo\",\"@id\":\"https:\/\/jonnejaminne.fi\/en\/#\/schema\/person\/6294622ca6c5e02eb83d8000609353f2\"},\"headline\":\"City bike season kicks off!\",\"datePublished\":\"2025-04-16T10:14:34+00:00\",\"dateModified\":\"2025-04-18T04:10:28+00:00\",\"mainEntityOfPage\":{\"@id\":\"https:\/\/jonnejaminne.fi\/en\/city-bike-season-kicks-off\/\"},\"wordCount\":230,\"publisher\":{\"@id\":\"https:\/\/jonnejaminne.fi\/en\/#organization\"},\"image\":{\"@id\":\"https:\/\/jonnejaminne.fi\/en\/city-bike-season-kicks-off\/#primaryimage\"},\"thumbnailUrl\":\"https:\/\/jonnejaminne.fi\/wp-content\/uploads\/2025\/01\/Kaupunkipyorat-4.png\",\"articleSection\":[\"News\"],\"inLanguage\":\"en-US\"},{\"@type\":\"WebPage\",\"@id\":\"https:\/\/jonnejaminne.fi\/en\/city-bike-season-kicks-off\/\",\"url\":\"https:\/\/jonnejaminne.fi\/en\/city-bike-season-kicks-off\/\",\"name\":\"City bike season kicks off! - Jonne ja Minne\",\"isPartOf\":{\"@id\":\"https:\/\/jonnejaminne.fi\/en\/#website\"},\"primaryImageOfPage\":{\"@id\":\"https:\/\/jonnejaminne.fi\/en\/city-bike-season-kicks-off\/#primaryimage\"},\"image\":{\"@id\":\"https:\/\/jonnejaminne.fi\/en\/city-bike-season-kicks-off\/#primaryimage\"},\"thumbnailUrl\":\"https:\/\/jonnejaminne.fi\/wp-content\/uploads\/2025\/01\/Kaupunkipyorat-4.png\",\"datePublished\":\"2025-04-16T10:14:34+00:00\",\"dateModified\":\"2025-04-18T04:10:28+00:00\",\"breadcrumb\":{\"@id\":\"https:\/\/jonnejaminne.fi\/en\/city-bike-season-kicks-off\/#breadcrumb\"},\"inLanguage\":\"en-US\",\"potentialAction\":[{\"@type\":\"ReadAction\",\"target\":[\"https:\/\/jonnejaminne.fi\/en\/city-bike-season-kicks-off\/\"]}]},{\"@type\":\"ImageObject\",\"inLanguage\":\"en-US\",\"@id\":\"https:\/\/jonnejaminne.fi\/en\/city-bike-season-kicks-off\/#primaryimage\",\"url\":\"https:\/\/jonnejaminne.fi\/wp-content\/uploads\/2025\/01\/Kaupunkipyorat-4.png\",\"contentUrl\":\"https:\/\/jonnejaminne.fi\/wp-content\/uploads\/2025\/01\/Kaupunkipyorat-4.png\",\"width\":1536,\"height\":1536},{\"@type\":\"BreadcrumbList\",\"@id\":\"https:\/\/jonnejaminne.fi\/en\/city-bike-season-kicks-off\/#breadcrumb\",\"itemListElement\":[{\"@type\":\"ListItem\",\"position\":1,\"name\":\"Home\",\"item\":\"https:\/\/jonnejaminne.fi\/en\/\"},{\"@type\":\"ListItem\",\"position\":2,\"name\":\"City bike season kicks off!\"}]},{\"@type\":\"WebSite\",\"@id\":\"https:\/\/jonnejaminne.fi\/en\/#website\",\"url\":\"https:\/\/jonnejaminne.fi\/en\/\",\"name\":\"Jonne ja Minne\",\"description\":\"\",\"publisher\":{\"@id\":\"https:\/\/jonnejaminne.fi\/en\/#organization\"},\"potentialAction\":[{\"@type\":\"SearchAction\",\"target\":{\"@type\":\"EntryPoint\",\"urlTemplate\":\"https:\/\/jonnejaminne.fi\/en\/?s={search_term_string}\"},\"query-input\":{\"@type\":\"PropertyValueSpecification\",\"valueRequired\":true,\"valueName\":\"search_term_string\"}}],\"inLanguage\":\"en-US\"},{\"@type\":\"Organization\",\"@id\":\"https:\/\/jonnejaminne.fi\/en\/#organization\",\"name\":\"Jonne ja Minne\",\"url\":\"https:\/\/jonnejaminne.fi\/en\/\",\"logo\":{\"@type\":\"ImageObject\",\"inLanguage\":\"en-US\",\"@id\":\"https:\/\/jonnejaminne.fi\/en\/#\/schema\/logo\/image\/\",\"url\":\"https:\/\/jonnejaminne.fi\/wp-content\/uploads\/2024\/04\/KSL_JM_bussit-logo_vaaka_rgb-1-1.png\",\"contentUrl\":\"https:\/\/jonnejaminne.fi\/wp-content\/uploads\/2024\/04\/KSL_JM_bussit-logo_vaaka_rgb-1-1.png\",\"width\":1136,\"height\":424,\"caption\":\"Jonne ja Minne\"},\"image\":{\"@id\":\"https:\/\/jonnejaminne.fi\/en\/#\/schema\/logo\/image\/\"}},{\"@type\":\"Person\",\"@id\":\"https:\/\/jonnejaminne.fi\/en\/#\/schema\/person\/6294622ca6c5e02eb83d8000609353f2\",\"name\":\"Paula Mussalo\",\"url\":\"https:\/\/jonnejaminne.fi\/en\/author\/paula-mussalokotka-fi\/\"}]}<\/script>\n<!-- \/ Yoast SEO plugin. -->","yoast_head_json":{"title":"City bike season kicks off! - Jonne ja Minne","robots":{"index":"index","follow":"follow","max-snippet":"max-snippet:-1","max-image-preview":"max-image-preview:large","max-video-preview":"max-video-preview:-1"},"canonical":"https:\/\/jonnejaminne.fi\/en\/city-bike-season-kicks-off\/","og_locale":"en_US","og_type":"article","og_title":"City bike season kicks off! - Jonne ja Minne","og_description":"Iloiset oranssit kaupunkipy\u00f6r\u00e4t l\u00f6ytyv\u00e4t taas py\u00f6r\u00e4asemilta! Voit vuokrata py\u00f6r\u00e4n kertahinnalla alkaen 1 \u20ac \/ 15 min, kausipassilla vain 35 \u20ac \/ 6 kk tai kuukausij\u00e4senyydell\u00e4.\u00a0Vuokraus maksetaan erikseen Donkey Republic -sovelluksella. Erikoistarjouksena 2.\u201311.5.2025 py\u00f6r\u00e4ilyviikon kunniaksi kaikki alle 1 h kaupunkipy\u00f6r\u00e4vuokraukset maksutta!Valtakunnallinen py\u00f6r\u00e4ilyviikko j\u00e4rjestet\u00e4\u00e4n 2.\u201311.5.2025\u00a0 https:\/\/pyorailyvuosi.fi\/pyorailyviikko\/ Kaupunkipy\u00f6r\u00e4n","og_url":"https:\/\/jonnejaminne.fi\/en\/city-bike-season-kicks-off\/","og_site_name":"Jonne ja Minne","article_published_time":"2025-04-16T10:14:34+00:00","article_modified_time":"2025-04-18T04:10:28+00:00","og_image":[{"width":768,"height":768,"url":"https:\/\/jonnejaminne.fi\/wp-content\/uploads\/2025\/01\/Kaupunkipyorat-4-768x768.png","type":"image\/png"}],"author":"Paula Mussalo","twitter_card":"summary_large_image","schema":{"@context":"https:\/\/schema.org","@graph":[{"@type":"Article","@id":"https:\/\/jonnejaminne.fi\/en\/city-bike-season-kicks-off\/#article","isPartOf":{"@id":"https:\/\/jonnejaminne.fi\/en\/city-bike-season-kicks-off\/"},"author":{"name":"Paula Mussalo","@id":"https:\/\/jonnejaminne.fi\/en\/#\/schema\/person\/6294622ca6c5e02eb83d8000609353f2"},"headline":"City bike season kicks off!","datePublished":"2025-04-16T10:14:34+00:00","dateModified":"2025-04-18T04:10:28+00:00","mainEntityOfPage":{"@id":"https:\/\/jonnejaminne.fi\/en\/city-bike-season-kicks-off\/"},"wordCount":230,"publisher":{"@id":"https:\/\/jonnejaminne.fi\/en\/#organization"},"image":{"@id":"https:\/\/jonnejaminne.fi\/en\/city-bike-season-kicks-off\/#primaryimage"},"thumbnailUrl":"https:\/\/jonnejaminne.fi\/wp-content\/uploads\/2025\/01\/Kaupunkipyorat-4.png","articleSection":["News"],"inLanguage":"en-US"},{"@type":"WebPage","@id":"https:\/\/jonnejaminne.fi\/en\/city-bike-season-kicks-off\/","url":"https:\/\/jonnejaminne.fi\/en\/city-bike-season-kicks-off\/","name":"City bike season kicks off! - Jonne ja Minne","isPartOf":{"@id":"https:\/\/jonnejaminne.fi\/en\/#website"},"primaryImageOfPage":{"@id":"https:\/\/jonnejaminne.fi\/en\/city-bike-season-kicks-off\/#primaryimage"},"image":{"@id":"https:\/\/jonnejaminne.fi\/en\/city-bike-season-kicks-off\/#primaryimage"},"thumbnailUrl":"https:\/\/jonnejaminne.fi\/wp-content\/uploads\/2025\/01\/Kaupunkipyorat-4.png","datePublished":"2025-04-16T10:14:34+00:00","dateModified":"2025-04-18T04:10:28+00:00","breadcrumb":{"@id":"https:\/\/jonnejaminne.fi\/en\/city-bike-season-kicks-off\/#breadcrumb"},"inLanguage":"en-US","potentialAction":[{"@type":"ReadAction","target":["https:\/\/jonnejaminne.fi\/en\/city-bike-season-kicks-off\/"]}]},{"@type":"ImageObject","inLanguage":"en-US","@id":"https:\/\/jonnejaminne.fi\/en\/city-bike-season-kicks-off\/#primaryimage","url":"https:\/\/jonnejaminne.fi\/wp-content\/uploads\/2025\/01\/Kaupunkipyorat-4.png","contentUrl":"https:\/\/jonnejaminne.fi\/wp-content\/uploads\/2025\/01\/Kaupunkipyorat-4.png","width":1536,"height":1536},{"@type":"BreadcrumbList","@id":"https:\/\/jonnejaminne.fi\/en\/city-bike-season-kicks-off\/#breadcrumb","itemListElement":[{"@type":"ListItem","position":1,"name":"Home","item":"https:\/\/jonnejaminne.fi\/en\/"},{"@type":"ListItem","position":2,"name":"City bike season kicks off!"}]},{"@type":"WebSite","@id":"https:\/\/jonnejaminne.fi\/en\/#website","url":"https:\/\/jonnejaminne.fi\/en\/","name":"Jonne ja Minne","description":"","publisher":{"@id":"https:\/\/jonnejaminne.fi\/en\/#organization"},"potentialAction":[{"@type":"SearchAction","target":{"@type":"EntryPoint","urlTemplate":"https:\/\/jonnejaminne.fi\/en\/?s={search_term_string}"},"query-input":{"@type":"PropertyValueSpecification","valueRequired":true,"valueName":"search_term_string"}}],"inLanguage":"en-US"},{"@type":"Organization","@id":"https:\/\/jonnejaminne.fi\/en\/#organization","name":"Jonne ja Minne","url":"https:\/\/jonnejaminne.fi\/en\/","logo":{"@type":"ImageObject","inLanguage":"en-US","@id":"https:\/\/jonnejaminne.fi\/en\/#\/schema\/logo\/image\/","url":"https:\/\/jonnejaminne.fi\/wp-content\/uploads\/2024\/04\/KSL_JM_bussit-logo_vaaka_rgb-1-1.png","contentUrl":"https:\/\/jonnejaminne.fi\/wp-content\/uploads\/2024\/04\/KSL_JM_bussit-logo_vaaka_rgb-1-1.png","width":1136,"height":424,"caption":"Jonne ja Minne"},"image":{"@id":"https:\/\/jonnejaminne.fi\/en\/#\/schema\/logo\/image\/"}},{"@type":"Person","@id":"https:\/\/jonnejaminne.fi\/en\/#\/schema\/person\/6294622ca6c5e02eb83d8000609353f2","name":"Paula Mussalo","url":"https:\/\/jonnejaminne.fi\/en\/author\/paula-mussalokotka-fi\/"}]}},"_links":{"self":[{"href":"https:\/\/jonnejaminne.fi\/en\/wp-json\/wp\/v2\/posts\/6456","targetHints":{"allow":["GET"]}}],"collection":[{"href":"https:\/\/jonnejaminne.fi\/en\/wp-json\/wp\/v2\/posts"}],"about":[{"href":"https:\/\/jonnejaminne.fi\/en\/wp-json\/wp\/v2\/types\/post"}],"author":[{"embeddable":true,"href":"https:\/\/jonnejaminne.fi\/en\/wp-json\/wp\/v2\/users\/3"}],"replies":[{"embeddable":true,"href":"https:\/\/jonnejaminne.fi\/en\/wp-json\/wp\/v2\/comments?post=6456"}],"version-history":[{"count":2,"href":"https:\/\/jonnejaminne.fi\/en\/wp-json\/wp\/v2\/posts\/6456\/revisions"}],"predecessor-version":[{"id":6509,"href":"https:\/\/jonnejaminne.fi\/en\/wp-json\/wp\/v2\/posts\/6456\/revisions\/6509"}],"wp:featuredmedia":[{"embeddable":true,"href":"https:\/\/jonnejaminne.fi\/en\/wp-json\/wp\/v2\/media\/5205"}],"wp:attachment":[{"href":"https:\/\/jonnejaminne.fi\/en\/wp-json\/wp\/v2\/media?parent=6456"}],"wp:term":[{"taxonomy":"category","embeddable":true,"href":"https:\/\/jonnejaminne.fi\/en\/wp-json\/wp\/v2\/categories?post=6456"},{"taxonomy":"post_tag","embeddable":true,"href":"https:\/\/jonnejaminne.fi\/en\/wp-json\/wp\/v2\/tags?post=6456"}],"curies":[{"name":"wp","href":"https:\/\/api.w.org\/{rel}","templated":true}]}}