{"id":7353,"date":"2025-06-10T12:21:02","date_gmt":"2025-06-10T09:21:02","guid":{"rendered":"https:\/\/jonnejaminne.fi\/?p=7353"},"modified":"2025-06-16T12:18:21","modified_gmt":"2025-06-16T09:18:21","slug":"midsummer-local-transport-2025","status":"publish","type":"post","link":"https:\/\/jonnejaminne.fi\/en\/midsummer-local-transport-2025\/","title":{"rendered":"Midsummer Local Transport 2025"},"content":{"rendered":"\n<p>Local transport in the Kotka\u2013Hamina\u2013Pyht\u00e4\u00e4 area.<\/p>\n\n\n\n<ul class=\"wp-block-list\">\n<li><strong>Thursday 19 June 2025:<\/strong> Normal traffic.<\/li>\n\n\n\n<li><strong>Midsummer Eve, Friday 20 June 2025:<\/strong><br>Saturday services will operate until 13:00 (services starting at 13:00 will run to completion).<br>After 13:00, the following services will operate:\n<ul class=\"wp-block-list\">\n<li><strong>Line 1<\/strong>:\n<ul class=\"wp-block-list\">\n<li>From Kotka to Hamina at 13:05, 14:05, 16:05 and 18:05<\/li>\n\n\n\n<li>From Hamina to Kotka at 13:05, 15:05, 17:05 and 19:05<\/li>\n<\/ul>\n<\/li>\n\n\n\n<li><strong>Line 25S<\/strong>:\n<ul class=\"wp-block-list\">\n<li>From Kantasatama to Suulisniemi at 13:40, 15:40, 17:40 and 19:40<\/li>\n\n\n\n<li>From Suulisniemi to Kantasatama at 14:30, 16:30 and 18:30<\/li>\n<\/ul>\n<\/li>\n\n\n\n<li><strong>Line 23S<\/strong>: All Saturday services between Central \u2013 Santalahti \/ Santalahti \u2013 Central according to the normal Saturday timetable.<\/li>\n<\/ul>\n<\/li>\n\n\n\n<li><strong>Midsummer Day, Saturday 21 June 2025:<\/strong><br>The following services will operate:\n<ul class=\"wp-block-list\">\n<li><strong>Line 1<\/strong>:\n<ul class=\"wp-block-list\">\n<li>From Kotka to Hamina at 10:05, 12:05, 14:05, 16:05 and 18:05<\/li>\n\n\n\n<li>From Hamina to Kotka at 11:05, 13:05, 15:05, 17:05 and 19:05<\/li>\n<\/ul>\n<\/li>\n\n\n\n<li><strong>Line 25S<\/strong>:\n<ul class=\"wp-block-list\">\n<li>From Kantasatama to Suulisniemi at 11:40, 13:40, 15:40, 17:40 and 19:40<\/li>\n\n\n\n<li>From Suulisniemi to Kantasatama at 12:30, 14:30, 16:30 and 18:30<\/li>\n<\/ul>\n<\/li>\n<\/ul>\n<\/li>\n\n\n\n<li><strong>Sunday 22 June 2025:<\/strong> Normal Sunday service.<\/li>\n<\/ul>\n\n\n\n<p>For Midsummer timetables, see the <strong>Kotka Region Route Guide<\/strong>: <a class=\"\" href=\"http:\/\/kotka.digitransit.fi\">kotka.digitransit.fi<\/a><\/p>\n\n\n\n<p><\/p>\n","protected":false},"excerpt":{"rendered":"<p>Local transport in the Kotka\u2013Hamina\u2013Pyht\u00e4\u00e4 area. For Midsummer timetables, see the Kotka Region Route Guide: kotka.digitransit.fi<\/p>\n","protected":false},"author":3,"featured_media":7348,"comment_status":"closed","ping_status":"closed","sticky":false,"template":"","format":"standard","meta":{"_acf_changed":false,"inline_featured_image":false,"footnotes":""},"categories":[15],"tags":[],"class_list":["post-7353","post","type-post","status-publish","format-standard","has-post-thumbnail","hentry","category-news"],"acf":[],"yoast_head":"<!-- This site is optimized with the Yoast SEO plugin v27.2 - https:\/\/yoast.com\/product\/yoast-seo-wordpress\/ -->\n<title>Midsummer Local Transport 2025 - Jonne ja Minne<\/title>\n<meta name=\"robots\" content=\"index, follow, max-snippet:-1, max-image-preview:large, max-video-preview:-1\" \/>\n<link rel=\"canonical\" href=\"https:\/\/jonnejaminne.fi\/en\/midsummer-local-transport-2025\/\" \/>\n<meta property=\"og:locale\" content=\"en_US\" \/>\n<meta property=\"og:type\" content=\"article\" \/>\n<meta property=\"og:title\" content=\"Midsummer Local Transport 2025 - Jonne ja Minne\" \/>\n<meta property=\"og:description\" content=\"Local transport in the Kotka\u2013Hamina\u2013Pyht\u00e4\u00e4 area. For Midsummer timetables, see the Kotka Region Route Guide: kotka.digitransit.fi\" \/>\n<meta property=\"og:url\" content=\"https:\/\/jonnejaminne.fi\/en\/midsummer-local-transport-2025\/\" \/>\n<meta property=\"og:site_name\" content=\"Jonne ja Minne\" \/>\n<meta property=\"article:published_time\" content=\"2025-06-10T09:21:02+00:00\" \/>\n<meta property=\"article:modified_time\" content=\"2025-06-16T09:18:21+00:00\" \/>\n<meta property=\"og:image\" content=\"https:\/\/jonnejaminne.fi\/wp-content\/uploads\/2025\/06\/1C4A6502.jpg\" \/>\n\t<meta property=\"og:image:width\" content=\"2048\" \/>\n\t<meta property=\"og:image:height\" content=\"1365\" \/>\n\t<meta property=\"og:image:type\" content=\"image\/jpeg\" \/>\n<meta name=\"author\" content=\"Paula Mussalo\" \/>\n<meta name=\"twitter:card\" content=\"summary_large_image\" \/>\n<script type=\"application\/ld+json\" class=\"yoast-schema-graph\">{\"@context\":\"https:\/\/schema.org\",\"@graph\":[{\"@type\":\"Article\",\"@id\":\"https:\/\/jonnejaminne.fi\/en\/midsummer-local-transport-2025\/#article\",\"isPartOf\":{\"@id\":\"https:\/\/jonnejaminne.fi\/en\/midsummer-local-transport-2025\/\"},\"author\":{\"name\":\"Paula Mussalo\",\"@id\":\"https:\/\/jonnejaminne.fi\/en\/#\/schema\/person\/6294622ca6c5e02eb83d8000609353f2\"},\"headline\":\"Midsummer Local Transport 2025\",\"datePublished\":\"2025-06-10T09:21:02+00:00\",\"dateModified\":\"2025-06-16T09:18:21+00:00\",\"mainEntityOfPage\":{\"@id\":\"https:\/\/jonnejaminne.fi\/en\/midsummer-local-transport-2025\/\"},\"wordCount\":133,\"publisher\":{\"@id\":\"https:\/\/jonnejaminne.fi\/en\/#organization\"},\"image\":{\"@id\":\"https:\/\/jonnejaminne.fi\/en\/midsummer-local-transport-2025\/#primaryimage\"},\"thumbnailUrl\":\"https:\/\/jonnejaminne.fi\/wp-content\/uploads\/2025\/06\/1C4A6502.jpg\",\"articleSection\":[\"News\"],\"inLanguage\":\"en-US\"},{\"@type\":\"WebPage\",\"@id\":\"https:\/\/jonnejaminne.fi\/en\/midsummer-local-transport-2025\/\",\"url\":\"https:\/\/jonnejaminne.fi\/en\/midsummer-local-transport-2025\/\",\"name\":\"Midsummer Local Transport 2025 - Jonne ja Minne\",\"isPartOf\":{\"@id\":\"https:\/\/jonnejaminne.fi\/en\/#website\"},\"primaryImageOfPage\":{\"@id\":\"https:\/\/jonnejaminne.fi\/en\/midsummer-local-transport-2025\/#primaryimage\"},\"image\":{\"@id\":\"https:\/\/jonnejaminne.fi\/en\/midsummer-local-transport-2025\/#primaryimage\"},\"thumbnailUrl\":\"https:\/\/jonnejaminne.fi\/wp-content\/uploads\/2025\/06\/1C4A6502.jpg\",\"datePublished\":\"2025-06-10T09:21:02+00:00\",\"dateModified\":\"2025-06-16T09:18:21+00:00\",\"breadcrumb\":{\"@id\":\"https:\/\/jonnejaminne.fi\/en\/midsummer-local-transport-2025\/#breadcrumb\"},\"inLanguage\":\"en-US\",\"potentialAction\":[{\"@type\":\"ReadAction\",\"target\":[\"https:\/\/jonnejaminne.fi\/en\/midsummer-local-transport-2025\/\"]}]},{\"@type\":\"ImageObject\",\"inLanguage\":\"en-US\",\"@id\":\"https:\/\/jonnejaminne.fi\/en\/midsummer-local-transport-2025\/#primaryimage\",\"url\":\"https:\/\/jonnejaminne.fi\/wp-content\/uploads\/2025\/06\/1C4A6502.jpg\",\"contentUrl\":\"https:\/\/jonnejaminne.fi\/wp-content\/uploads\/2025\/06\/1C4A6502.jpg\",\"width\":2048,\"height\":1365,\"caption\":\"joukko kes\u00e4isi\u00e4 ihmisi\u00e4 nousee bussin kyytiin meren \u00e4\u00e4rell\u00e4 Meripuistossa\"},{\"@type\":\"BreadcrumbList\",\"@id\":\"https:\/\/jonnejaminne.fi\/en\/midsummer-local-transport-2025\/#breadcrumb\",\"itemListElement\":[{\"@type\":\"ListItem\",\"position\":1,\"name\":\"Home\",\"item\":\"https:\/\/jonnejaminne.fi\/en\/\"},{\"@type\":\"ListItem\",\"position\":2,\"name\":\"Midsummer Local Transport 2025\"}]},{\"@type\":\"WebSite\",\"@id\":\"https:\/\/jonnejaminne.fi\/en\/#website\",\"url\":\"https:\/\/jonnejaminne.fi\/en\/\",\"name\":\"Jonne ja Minne\",\"description\":\"\",\"publisher\":{\"@id\":\"https:\/\/jonnejaminne.fi\/en\/#organization\"},\"potentialAction\":[{\"@type\":\"SearchAction\",\"target\":{\"@type\":\"EntryPoint\",\"urlTemplate\":\"https:\/\/jonnejaminne.fi\/en\/?s={search_term_string}\"},\"query-input\":{\"@type\":\"PropertyValueSpecification\",\"valueRequired\":true,\"valueName\":\"search_term_string\"}}],\"inLanguage\":\"en-US\"},{\"@type\":\"Organization\",\"@id\":\"https:\/\/jonnejaminne.fi\/en\/#organization\",\"name\":\"Jonne ja Minne\",\"url\":\"https:\/\/jonnejaminne.fi\/en\/\",\"logo\":{\"@type\":\"ImageObject\",\"inLanguage\":\"en-US\",\"@id\":\"https:\/\/jonnejaminne.fi\/en\/#\/schema\/logo\/image\/\",\"url\":\"https:\/\/jonnejaminne.fi\/wp-content\/uploads\/2024\/04\/KSL_JM_bussit-logo_vaaka_rgb-1-1.png\",\"contentUrl\":\"https:\/\/jonnejaminne.fi\/wp-content\/uploads\/2024\/04\/KSL_JM_bussit-logo_vaaka_rgb-1-1.png\",\"width\":1136,\"height\":424,\"caption\":\"Jonne ja Minne\"},\"image\":{\"@id\":\"https:\/\/jonnejaminne.fi\/en\/#\/schema\/logo\/image\/\"}},{\"@type\":\"Person\",\"@id\":\"https:\/\/jonnejaminne.fi\/en\/#\/schema\/person\/6294622ca6c5e02eb83d8000609353f2\",\"name\":\"Paula Mussalo\",\"url\":\"https:\/\/jonnejaminne.fi\/en\/author\/paula-mussalokotka-fi\/\"}]}<\/script>\n<!-- \/ Yoast SEO plugin. -->","yoast_head_json":{"title":"Midsummer Local Transport 2025 - Jonne ja Minne","robots":{"index":"index","follow":"follow","max-snippet":"max-snippet:-1","max-image-preview":"max-image-preview:large","max-video-preview":"max-video-preview:-1"},"canonical":"https:\/\/jonnejaminne.fi\/en\/midsummer-local-transport-2025\/","og_locale":"en_US","og_type":"article","og_title":"Midsummer Local Transport 2025 - Jonne ja Minne","og_description":"Local transport in the Kotka\u2013Hamina\u2013Pyht\u00e4\u00e4 area. For Midsummer timetables, see the Kotka Region Route Guide: kotka.digitransit.fi","og_url":"https:\/\/jonnejaminne.fi\/en\/midsummer-local-transport-2025\/","og_site_name":"Jonne ja Minne","article_published_time":"2025-06-10T09:21:02+00:00","article_modified_time":"2025-06-16T09:18:21+00:00","og_image":[{"width":2048,"height":1365,"url":"https:\/\/jonnejaminne.fi\/wp-content\/uploads\/2025\/06\/1C4A6502.jpg","type":"image\/jpeg"}],"author":"Paula Mussalo","twitter_card":"summary_large_image","schema":{"@context":"https:\/\/schema.org","@graph":[{"@type":"Article","@id":"https:\/\/jonnejaminne.fi\/en\/midsummer-local-transport-2025\/#article","isPartOf":{"@id":"https:\/\/jonnejaminne.fi\/en\/midsummer-local-transport-2025\/"},"author":{"name":"Paula Mussalo","@id":"https:\/\/jonnejaminne.fi\/en\/#\/schema\/person\/6294622ca6c5e02eb83d8000609353f2"},"headline":"Midsummer Local Transport 2025","datePublished":"2025-06-10T09:21:02+00:00","dateModified":"2025-06-16T09:18:21+00:00","mainEntityOfPage":{"@id":"https:\/\/jonnejaminne.fi\/en\/midsummer-local-transport-2025\/"},"wordCount":133,"publisher":{"@id":"https:\/\/jonnejaminne.fi\/en\/#organization"},"image":{"@id":"https:\/\/jonnejaminne.fi\/en\/midsummer-local-transport-2025\/#primaryimage"},"thumbnailUrl":"https:\/\/jonnejaminne.fi\/wp-content\/uploads\/2025\/06\/1C4A6502.jpg","articleSection":["News"],"inLanguage":"en-US"},{"@type":"WebPage","@id":"https:\/\/jonnejaminne.fi\/en\/midsummer-local-transport-2025\/","url":"https:\/\/jonnejaminne.fi\/en\/midsummer-local-transport-2025\/","name":"Midsummer Local Transport 2025 - Jonne ja Minne","isPartOf":{"@id":"https:\/\/jonnejaminne.fi\/en\/#website"},"primaryImageOfPage":{"@id":"https:\/\/jonnejaminne.fi\/en\/midsummer-local-transport-2025\/#primaryimage"},"image":{"@id":"https:\/\/jonnejaminne.fi\/en\/midsummer-local-transport-2025\/#primaryimage"},"thumbnailUrl":"https:\/\/jonnejaminne.fi\/wp-content\/uploads\/2025\/06\/1C4A6502.jpg","datePublished":"2025-06-10T09:21:02+00:00","dateModified":"2025-06-16T09:18:21+00:00","breadcrumb":{"@id":"https:\/\/jonnejaminne.fi\/en\/midsummer-local-transport-2025\/#breadcrumb"},"inLanguage":"en-US","potentialAction":[{"@type":"ReadAction","target":["https:\/\/jonnejaminne.fi\/en\/midsummer-local-transport-2025\/"]}]},{"@type":"ImageObject","inLanguage":"en-US","@id":"https:\/\/jonnejaminne.fi\/en\/midsummer-local-transport-2025\/#primaryimage","url":"https:\/\/jonnejaminne.fi\/wp-content\/uploads\/2025\/06\/1C4A6502.jpg","contentUrl":"https:\/\/jonnejaminne.fi\/wp-content\/uploads\/2025\/06\/1C4A6502.jpg","width":2048,"height":1365,"caption":"joukko kes\u00e4isi\u00e4 ihmisi\u00e4 nousee bussin kyytiin meren \u00e4\u00e4rell\u00e4 Meripuistossa"},{"@type":"BreadcrumbList","@id":"https:\/\/jonnejaminne.fi\/en\/midsummer-local-transport-2025\/#breadcrumb","itemListElement":[{"@type":"ListItem","position":1,"name":"Home","item":"https:\/\/jonnejaminne.fi\/en\/"},{"@type":"ListItem","position":2,"name":"Midsummer Local Transport 2025"}]},{"@type":"WebSite","@id":"https:\/\/jonnejaminne.fi\/en\/#website","url":"https:\/\/jonnejaminne.fi\/en\/","name":"Jonne ja Minne","description":"","publisher":{"@id":"https:\/\/jonnejaminne.fi\/en\/#organization"},"potentialAction":[{"@type":"SearchAction","target":{"@type":"EntryPoint","urlTemplate":"https:\/\/jonnejaminne.fi\/en\/?s={search_term_string}"},"query-input":{"@type":"PropertyValueSpecification","valueRequired":true,"valueName":"search_term_string"}}],"inLanguage":"en-US"},{"@type":"Organization","@id":"https:\/\/jonnejaminne.fi\/en\/#organization","name":"Jonne ja Minne","url":"https:\/\/jonnejaminne.fi\/en\/","logo":{"@type":"ImageObject","inLanguage":"en-US","@id":"https:\/\/jonnejaminne.fi\/en\/#\/schema\/logo\/image\/","url":"https:\/\/jonnejaminne.fi\/wp-content\/uploads\/2024\/04\/KSL_JM_bussit-logo_vaaka_rgb-1-1.png","contentUrl":"https:\/\/jonnejaminne.fi\/wp-content\/uploads\/2024\/04\/KSL_JM_bussit-logo_vaaka_rgb-1-1.png","width":1136,"height":424,"caption":"Jonne ja Minne"},"image":{"@id":"https:\/\/jonnejaminne.fi\/en\/#\/schema\/logo\/image\/"}},{"@type":"Person","@id":"https:\/\/jonnejaminne.fi\/en\/#\/schema\/person\/6294622ca6c5e02eb83d8000609353f2","name":"Paula Mussalo","url":"https:\/\/jonnejaminne.fi\/en\/author\/paula-mussalokotka-fi\/"}]}},"_links":{"self":[{"href":"https:\/\/jonnejaminne.fi\/en\/wp-json\/wp\/v2\/posts\/7353","targetHints":{"allow":["GET"]}}],"collection":[{"href":"https:\/\/jonnejaminne.fi\/en\/wp-json\/wp\/v2\/posts"}],"about":[{"href":"https:\/\/jonnejaminne.fi\/en\/wp-json\/wp\/v2\/types\/post"}],"author":[{"embeddable":true,"href":"https:\/\/jonnejaminne.fi\/en\/wp-json\/wp\/v2\/users\/3"}],"replies":[{"embeddable":true,"href":"https:\/\/jonnejaminne.fi\/en\/wp-json\/wp\/v2\/comments?post=7353"}],"version-history":[{"count":2,"href":"https:\/\/jonnejaminne.fi\/en\/wp-json\/wp\/v2\/posts\/7353\/revisions"}],"predecessor-version":[{"id":7355,"href":"https:\/\/jonnejaminne.fi\/en\/wp-json\/wp\/v2\/posts\/7353\/revisions\/7355"}],"wp:featuredmedia":[{"embeddable":true,"href":"https:\/\/jonnejaminne.fi\/en\/wp-json\/wp\/v2\/media\/7348"}],"wp:attachment":[{"href":"https:\/\/jonnejaminne.fi\/en\/wp-json\/wp\/v2\/media?parent=7353"}],"wp:term":[{"taxonomy":"category","embeddable":true,"href":"https:\/\/jonnejaminne.fi\/en\/wp-json\/wp\/v2\/categories?post=7353"},{"taxonomy":"post_tag","embeddable":true,"href":"https:\/\/jonnejaminne.fi\/en\/wp-json\/wp\/v2\/tags?post=7353"}],"curies":[{"name":"wp","href":"https:\/\/api.w.org\/{rel}","templated":true}]}}