{"id":9287,"date":"2025-11-24T14:37:00","date_gmt":"2025-11-24T12:37:00","guid":{"rendered":"https:\/\/jonnejaminne.fi\/?p=9287"},"modified":"2025-11-25T12:53:53","modified_gmt":"2025-11-25T10:53:53","slug":"route-changes-for-lines-6-6m-7v-and-34b-starting-from-1-december","status":"publish","type":"post","link":"https:\/\/jonnejaminne.fi\/en\/route-changes-for-lines-6-6m-7v-and-34b-starting-from-1-december\/","title":{"rendered":"Route changes for lines 6\/6M, 7V and 34B starting from 1 December"},"content":{"rendered":"\n<p>To ensure that lines 6, 7V and 34B will run more reliably on schedule, changes will be made to the timetable of line 6 and to the routes of lines 7V and 34B on 1 December 2025.<\/p>\n\n\n\n<p><a href=\"https:\/\/jonnejaminne.fi\/wp-content\/uploads\/2024\/09\/Karhula-Pysakkikartta-2.2.2026.png\">Karhula bus stop map from 1 December 2025<\/a><\/p>\n\n\n\n<h3 class=\"wp-block-heading\">Line 6 and 6M<\/h3>\n\n\n\n<p>The arrival times of all services to Suulisniemi and the departure times from Suulisniemi will be delayed by 4 minutes. The departure time from Karhula towards the city centre will be delayed by 2 minutes. The route of line 6 will not change.<\/p>\n\n\n\n<p>Three services from Suulisniemi to the city centre will be changed to line 6M. The services that will change are those departing from Suulisniemi at 9:48, 10:48 and 11:48.<\/p>\n\n\n\n<p>Line 6M will run from Karhula to Hovinsaari via the motorway and Hyv\u00e4ntuulentie. After the stop Karhula Y (Karjalantie l\u00e4nteen, K1209), the bus will enter the motorway. From Hyv\u00e4ntuulentie, the bus will return to Kotkantie in Hovinsaari at the roundabout after Kymenlaakso Central Hospital. Line 6M will follow the route of line 6 up to the Karhula Y stop and from the Central Hospital to the city centre.<\/p>\n\n\n\n<h3 class=\"wp-block-heading\">Line 7V<\/h3>\n\n\n\n<p>The stops Karhula A (Ahlstr\u00f6mintie it\u00e4\u00e4n, K1201) and Karhula B (Ahlstr\u00f6mintie l\u00e4nteen, K1202) will be removed from all services, meaning that both the departure and terminal stop will be Karhula C (Vesitorninkatu etel\u00e4\u00e4n, K1203).<\/p>\n\n\n\n<p>The timetables will not change.<\/p>\n\n\n\n<h3 class=\"wp-block-heading\">Line 34B<\/h3>\n\n\n\n<p>The stops Karhula A (Ahlstr\u00f6mintie it\u00e4\u00e4n, K1201) and Karhula B (Ahlstr\u00f6mintie westbound, K1202) will be removed from all services, meaning that both the departure and terminal stop will be Karhula C (Vesitorninkatu etel\u00e4\u00e4n, K1203).<\/p>\n\n\n\n<p>The timetables will not change.<\/p>\n","protected":false},"excerpt":{"rendered":"<p>To ensure that lines 6, 7V and 34B will run more reliably on schedule, changes will be made to the timetable of line 6 and to the routes of lines 7V and 34B on 1 December 2025. Karhula bus stop map from 1 December 2025<\/p>\n","protected":false},"author":5,"featured_media":9268,"comment_status":"closed","ping_status":"closed","sticky":false,"template":"","format":"standard","meta":{"_acf_changed":false,"inline_featured_image":false,"footnotes":""},"categories":[15],"tags":[],"class_list":["post-9287","post","type-post","status-publish","format-standard","has-post-thumbnail","hentry","category-news"],"acf":[],"yoast_head":"<!-- This site is optimized with the Yoast SEO plugin v27.2 - https:\/\/yoast.com\/product\/yoast-seo-wordpress\/ -->\n<title>Route changes for lines 6\/6M, 7V and 34B starting from 1 December - Jonne ja Minne<\/title>\n<meta name=\"robots\" content=\"index, follow, max-snippet:-1, max-image-preview:large, max-video-preview:-1\" \/>\n<link rel=\"canonical\" href=\"https:\/\/jonnejaminne.fi\/en\/route-changes-for-lines-6-6m-7v-and-34b-starting-from-1-december\/\" \/>\n<meta property=\"og:locale\" content=\"en_US\" \/>\n<meta property=\"og:type\" content=\"article\" \/>\n<meta property=\"og:title\" content=\"Route changes for lines 6\/6M, 7V and 34B starting from 1 December - Jonne ja Minne\" \/>\n<meta property=\"og:description\" content=\"To ensure that lines 6, 7V and 34B will run more reliably on schedule, changes will be made to the timetable of line 6 and to the routes of lines 7V and 34B on 1 December 2025. Karhula bus stop map from 1 December 2025\" \/>\n<meta property=\"og:url\" content=\"https:\/\/jonnejaminne.fi\/en\/route-changes-for-lines-6-6m-7v-and-34b-starting-from-1-december\/\" \/>\n<meta property=\"og:site_name\" content=\"Jonne ja Minne\" \/>\n<meta property=\"article:published_time\" content=\"2025-11-24T12:37:00+00:00\" \/>\n<meta property=\"article:modified_time\" content=\"2025-11-25T10:53:53+00:00\" \/>\n<meta property=\"og:image\" content=\"https:\/\/jonnejaminne.fi\/wp-content\/uploads\/2025\/11\/6M-jonnebussi_kevat_IMGP0479-scaled.jpg\" \/>\n\t<meta property=\"og:image:width\" content=\"2560\" \/>\n\t<meta property=\"og:image:height\" content=\"1707\" \/>\n\t<meta property=\"og:image:type\" content=\"image\/jpeg\" \/>\n<meta name=\"author\" content=\"Pyry Tuttavainen\" \/>\n<meta name=\"twitter:card\" content=\"summary_large_image\" \/>\n<script type=\"application\/ld+json\" class=\"yoast-schema-graph\">{\"@context\":\"https:\/\/schema.org\",\"@graph\":[{\"@type\":\"Article\",\"@id\":\"https:\/\/jonnejaminne.fi\/en\/route-changes-for-lines-6-6m-7v-and-34b-starting-from-1-december\/#article\",\"isPartOf\":{\"@id\":\"https:\/\/jonnejaminne.fi\/en\/route-changes-for-lines-6-6m-7v-and-34b-starting-from-1-december\/\"},\"author\":{\"name\":\"Pyry Tuttavainen\",\"@id\":\"https:\/\/jonnejaminne.fi\/en\/#\/schema\/person\/341f5f2f768f9445ad4bd89124091970\"},\"headline\":\"Route changes for lines 6\/6M, 7V and 34B starting from 1 December\",\"datePublished\":\"2025-11-24T12:37:00+00:00\",\"dateModified\":\"2025-11-25T10:53:53+00:00\",\"mainEntityOfPage\":{\"@id\":\"https:\/\/jonnejaminne.fi\/en\/route-changes-for-lines-6-6m-7v-and-34b-starting-from-1-december\/\"},\"wordCount\":280,\"publisher\":{\"@id\":\"https:\/\/jonnejaminne.fi\/en\/#organization\"},\"image\":{\"@id\":\"https:\/\/jonnejaminne.fi\/en\/route-changes-for-lines-6-6m-7v-and-34b-starting-from-1-december\/#primaryimage\"},\"thumbnailUrl\":\"https:\/\/jonnejaminne.fi\/wp-content\/uploads\/2025\/11\/6M-jonnebussi_kevat_IMGP0479-scaled.jpg\",\"articleSection\":[\"News\"],\"inLanguage\":\"en-US\"},{\"@type\":\"WebPage\",\"@id\":\"https:\/\/jonnejaminne.fi\/en\/route-changes-for-lines-6-6m-7v-and-34b-starting-from-1-december\/\",\"url\":\"https:\/\/jonnejaminne.fi\/en\/route-changes-for-lines-6-6m-7v-and-34b-starting-from-1-december\/\",\"name\":\"Route changes for lines 6\/6M, 7V and 34B starting from 1 December - Jonne ja Minne\",\"isPartOf\":{\"@id\":\"https:\/\/jonnejaminne.fi\/en\/#website\"},\"primaryImageOfPage\":{\"@id\":\"https:\/\/jonnejaminne.fi\/en\/route-changes-for-lines-6-6m-7v-and-34b-starting-from-1-december\/#primaryimage\"},\"image\":{\"@id\":\"https:\/\/jonnejaminne.fi\/en\/route-changes-for-lines-6-6m-7v-and-34b-starting-from-1-december\/#primaryimage\"},\"thumbnailUrl\":\"https:\/\/jonnejaminne.fi\/wp-content\/uploads\/2025\/11\/6M-jonnebussi_kevat_IMGP0479-scaled.jpg\",\"datePublished\":\"2025-11-24T12:37:00+00:00\",\"dateModified\":\"2025-11-25T10:53:53+00:00\",\"breadcrumb\":{\"@id\":\"https:\/\/jonnejaminne.fi\/en\/route-changes-for-lines-6-6m-7v-and-34b-starting-from-1-december\/#breadcrumb\"},\"inLanguage\":\"en-US\",\"potentialAction\":[{\"@type\":\"ReadAction\",\"target\":[\"https:\/\/jonnejaminne.fi\/en\/route-changes-for-lines-6-6m-7v-and-34b-starting-from-1-december\/\"]}]},{\"@type\":\"ImageObject\",\"inLanguage\":\"en-US\",\"@id\":\"https:\/\/jonnejaminne.fi\/en\/route-changes-for-lines-6-6m-7v-and-34b-starting-from-1-december\/#primaryimage\",\"url\":\"https:\/\/jonnejaminne.fi\/wp-content\/uploads\/2025\/11\/6M-jonnebussi_kevat_IMGP0479-scaled.jpg\",\"contentUrl\":\"https:\/\/jonnejaminne.fi\/wp-content\/uploads\/2025\/11\/6M-jonnebussi_kevat_IMGP0479-scaled.jpg\",\"width\":2560,\"height\":1707},{\"@type\":\"BreadcrumbList\",\"@id\":\"https:\/\/jonnejaminne.fi\/en\/route-changes-for-lines-6-6m-7v-and-34b-starting-from-1-december\/#breadcrumb\",\"itemListElement\":[{\"@type\":\"ListItem\",\"position\":1,\"name\":\"Home\",\"item\":\"https:\/\/jonnejaminne.fi\/en\/\"},{\"@type\":\"ListItem\",\"position\":2,\"name\":\"Route changes for lines 6\/6M, 7V and 34B starting from 1 December\"}]},{\"@type\":\"WebSite\",\"@id\":\"https:\/\/jonnejaminne.fi\/en\/#website\",\"url\":\"https:\/\/jonnejaminne.fi\/en\/\",\"name\":\"Jonne ja Minne\",\"description\":\"\",\"publisher\":{\"@id\":\"https:\/\/jonnejaminne.fi\/en\/#organization\"},\"potentialAction\":[{\"@type\":\"SearchAction\",\"target\":{\"@type\":\"EntryPoint\",\"urlTemplate\":\"https:\/\/jonnejaminne.fi\/en\/?s={search_term_string}\"},\"query-input\":{\"@type\":\"PropertyValueSpecification\",\"valueRequired\":true,\"valueName\":\"search_term_string\"}}],\"inLanguage\":\"en-US\"},{\"@type\":\"Organization\",\"@id\":\"https:\/\/jonnejaminne.fi\/en\/#organization\",\"name\":\"Jonne ja Minne\",\"url\":\"https:\/\/jonnejaminne.fi\/en\/\",\"logo\":{\"@type\":\"ImageObject\",\"inLanguage\":\"en-US\",\"@id\":\"https:\/\/jonnejaminne.fi\/en\/#\/schema\/logo\/image\/\",\"url\":\"https:\/\/jonnejaminne.fi\/wp-content\/uploads\/2024\/04\/KSL_JM_bussit-logo_vaaka_rgb-1-1.png\",\"contentUrl\":\"https:\/\/jonnejaminne.fi\/wp-content\/uploads\/2024\/04\/KSL_JM_bussit-logo_vaaka_rgb-1-1.png\",\"width\":1136,\"height\":424,\"caption\":\"Jonne ja Minne\"},\"image\":{\"@id\":\"https:\/\/jonnejaminne.fi\/en\/#\/schema\/logo\/image\/\"}},{\"@type\":\"Person\",\"@id\":\"https:\/\/jonnejaminne.fi\/en\/#\/schema\/person\/341f5f2f768f9445ad4bd89124091970\",\"name\":\"Pyry Tuttavainen\",\"url\":\"https:\/\/jonnejaminne.fi\/en\/author\/pyry-tuttavainenkotka-fi\/\"}]}<\/script>\n<!-- \/ Yoast SEO plugin. -->","yoast_head_json":{"title":"Route changes for lines 6\/6M, 7V and 34B starting from 1 December - Jonne ja Minne","robots":{"index":"index","follow":"follow","max-snippet":"max-snippet:-1","max-image-preview":"max-image-preview:large","max-video-preview":"max-video-preview:-1"},"canonical":"https:\/\/jonnejaminne.fi\/en\/route-changes-for-lines-6-6m-7v-and-34b-starting-from-1-december\/","og_locale":"en_US","og_type":"article","og_title":"Route changes for lines 6\/6M, 7V and 34B starting from 1 December - Jonne ja Minne","og_description":"To ensure that lines 6, 7V and 34B will run more reliably on schedule, changes will be made to the timetable of line 6 and to the routes of lines 7V and 34B on 1 December 2025. Karhula bus stop map from 1 December 2025","og_url":"https:\/\/jonnejaminne.fi\/en\/route-changes-for-lines-6-6m-7v-and-34b-starting-from-1-december\/","og_site_name":"Jonne ja Minne","article_published_time":"2025-11-24T12:37:00+00:00","article_modified_time":"2025-11-25T10:53:53+00:00","og_image":[{"width":2560,"height":1707,"url":"https:\/\/jonnejaminne.fi\/wp-content\/uploads\/2025\/11\/6M-jonnebussi_kevat_IMGP0479-scaled.jpg","type":"image\/jpeg"}],"author":"Pyry Tuttavainen","twitter_card":"summary_large_image","schema":{"@context":"https:\/\/schema.org","@graph":[{"@type":"Article","@id":"https:\/\/jonnejaminne.fi\/en\/route-changes-for-lines-6-6m-7v-and-34b-starting-from-1-december\/#article","isPartOf":{"@id":"https:\/\/jonnejaminne.fi\/en\/route-changes-for-lines-6-6m-7v-and-34b-starting-from-1-december\/"},"author":{"name":"Pyry Tuttavainen","@id":"https:\/\/jonnejaminne.fi\/en\/#\/schema\/person\/341f5f2f768f9445ad4bd89124091970"},"headline":"Route changes for lines 6\/6M, 7V and 34B starting from 1 December","datePublished":"2025-11-24T12:37:00+00:00","dateModified":"2025-11-25T10:53:53+00:00","mainEntityOfPage":{"@id":"https:\/\/jonnejaminne.fi\/en\/route-changes-for-lines-6-6m-7v-and-34b-starting-from-1-december\/"},"wordCount":280,"publisher":{"@id":"https:\/\/jonnejaminne.fi\/en\/#organization"},"image":{"@id":"https:\/\/jonnejaminne.fi\/en\/route-changes-for-lines-6-6m-7v-and-34b-starting-from-1-december\/#primaryimage"},"thumbnailUrl":"https:\/\/jonnejaminne.fi\/wp-content\/uploads\/2025\/11\/6M-jonnebussi_kevat_IMGP0479-scaled.jpg","articleSection":["News"],"inLanguage":"en-US"},{"@type":"WebPage","@id":"https:\/\/jonnejaminne.fi\/en\/route-changes-for-lines-6-6m-7v-and-34b-starting-from-1-december\/","url":"https:\/\/jonnejaminne.fi\/en\/route-changes-for-lines-6-6m-7v-and-34b-starting-from-1-december\/","name":"Route changes for lines 6\/6M, 7V and 34B starting from 1 December - Jonne ja Minne","isPartOf":{"@id":"https:\/\/jonnejaminne.fi\/en\/#website"},"primaryImageOfPage":{"@id":"https:\/\/jonnejaminne.fi\/en\/route-changes-for-lines-6-6m-7v-and-34b-starting-from-1-december\/#primaryimage"},"image":{"@id":"https:\/\/jonnejaminne.fi\/en\/route-changes-for-lines-6-6m-7v-and-34b-starting-from-1-december\/#primaryimage"},"thumbnailUrl":"https:\/\/jonnejaminne.fi\/wp-content\/uploads\/2025\/11\/6M-jonnebussi_kevat_IMGP0479-scaled.jpg","datePublished":"2025-11-24T12:37:00+00:00","dateModified":"2025-11-25T10:53:53+00:00","breadcrumb":{"@id":"https:\/\/jonnejaminne.fi\/en\/route-changes-for-lines-6-6m-7v-and-34b-starting-from-1-december\/#breadcrumb"},"inLanguage":"en-US","potentialAction":[{"@type":"ReadAction","target":["https:\/\/jonnejaminne.fi\/en\/route-changes-for-lines-6-6m-7v-and-34b-starting-from-1-december\/"]}]},{"@type":"ImageObject","inLanguage":"en-US","@id":"https:\/\/jonnejaminne.fi\/en\/route-changes-for-lines-6-6m-7v-and-34b-starting-from-1-december\/#primaryimage","url":"https:\/\/jonnejaminne.fi\/wp-content\/uploads\/2025\/11\/6M-jonnebussi_kevat_IMGP0479-scaled.jpg","contentUrl":"https:\/\/jonnejaminne.fi\/wp-content\/uploads\/2025\/11\/6M-jonnebussi_kevat_IMGP0479-scaled.jpg","width":2560,"height":1707},{"@type":"BreadcrumbList","@id":"https:\/\/jonnejaminne.fi\/en\/route-changes-for-lines-6-6m-7v-and-34b-starting-from-1-december\/#breadcrumb","itemListElement":[{"@type":"ListItem","position":1,"name":"Home","item":"https:\/\/jonnejaminne.fi\/en\/"},{"@type":"ListItem","position":2,"name":"Route changes for lines 6\/6M, 7V and 34B starting from 1 December"}]},{"@type":"WebSite","@id":"https:\/\/jonnejaminne.fi\/en\/#website","url":"https:\/\/jonnejaminne.fi\/en\/","name":"Jonne ja Minne","description":"","publisher":{"@id":"https:\/\/jonnejaminne.fi\/en\/#organization"},"potentialAction":[{"@type":"SearchAction","target":{"@type":"EntryPoint","urlTemplate":"https:\/\/jonnejaminne.fi\/en\/?s={search_term_string}"},"query-input":{"@type":"PropertyValueSpecification","valueRequired":true,"valueName":"search_term_string"}}],"inLanguage":"en-US"},{"@type":"Organization","@id":"https:\/\/jonnejaminne.fi\/en\/#organization","name":"Jonne ja Minne","url":"https:\/\/jonnejaminne.fi\/en\/","logo":{"@type":"ImageObject","inLanguage":"en-US","@id":"https:\/\/jonnejaminne.fi\/en\/#\/schema\/logo\/image\/","url":"https:\/\/jonnejaminne.fi\/wp-content\/uploads\/2024\/04\/KSL_JM_bussit-logo_vaaka_rgb-1-1.png","contentUrl":"https:\/\/jonnejaminne.fi\/wp-content\/uploads\/2024\/04\/KSL_JM_bussit-logo_vaaka_rgb-1-1.png","width":1136,"height":424,"caption":"Jonne ja Minne"},"image":{"@id":"https:\/\/jonnejaminne.fi\/en\/#\/schema\/logo\/image\/"}},{"@type":"Person","@id":"https:\/\/jonnejaminne.fi\/en\/#\/schema\/person\/341f5f2f768f9445ad4bd89124091970","name":"Pyry Tuttavainen","url":"https:\/\/jonnejaminne.fi\/en\/author\/pyry-tuttavainenkotka-fi\/"}]}},"_links":{"self":[{"href":"https:\/\/jonnejaminne.fi\/en\/wp-json\/wp\/v2\/posts\/9287","targetHints":{"allow":["GET"]}}],"collection":[{"href":"https:\/\/jonnejaminne.fi\/en\/wp-json\/wp\/v2\/posts"}],"about":[{"href":"https:\/\/jonnejaminne.fi\/en\/wp-json\/wp\/v2\/types\/post"}],"author":[{"embeddable":true,"href":"https:\/\/jonnejaminne.fi\/en\/wp-json\/wp\/v2\/users\/5"}],"replies":[{"embeddable":true,"href":"https:\/\/jonnejaminne.fi\/en\/wp-json\/wp\/v2\/comments?post=9287"}],"version-history":[{"count":1,"href":"https:\/\/jonnejaminne.fi\/en\/wp-json\/wp\/v2\/posts\/9287\/revisions"}],"predecessor-version":[{"id":9288,"href":"https:\/\/jonnejaminne.fi\/en\/wp-json\/wp\/v2\/posts\/9287\/revisions\/9288"}],"wp:featuredmedia":[{"embeddable":true,"href":"https:\/\/jonnejaminne.fi\/en\/wp-json\/wp\/v2\/media\/9268"}],"wp:attachment":[{"href":"https:\/\/jonnejaminne.fi\/en\/wp-json\/wp\/v2\/media?parent=9287"}],"wp:term":[{"taxonomy":"category","embeddable":true,"href":"https:\/\/jonnejaminne.fi\/en\/wp-json\/wp\/v2\/categories?post=9287"},{"taxonomy":"post_tag","embeddable":true,"href":"https:\/\/jonnejaminne.fi\/en\/wp-json\/wp\/v2\/tags?post=9287"}],"curies":[{"name":"wp","href":"https:\/\/api.w.org\/{rel}","templated":true}]}}